{"id":31244,"date":"2021-01-04T15:38:10","date_gmt":"2021-01-04T18:38:10","guid":{"rendered":"https:\/\/mni.samnaz.org\/?p=31244"},"modified":"2021-01-04T15:38:11","modified_gmt":"2021-01-04T18:38:11","slug":"misiones-nazarenas-un-movimiento-de-dios-por-medio-del-pueblo-de-dios-ii","status":"publish","type":"post","link":"https:\/\/mni.samnaz.org\/pt\/misiones-nazarenas-un-movimiento-de-dios-por-medio-del-pueblo-de-dios-ii\/","title":{"rendered":"Misiones Nazarenas: Un movimiento de Dios por medio del pueblo de Dios II"},"content":{"rendered":"<div class=\"wp-block-image\"><figure class=\"alignright size-large is-resized\"><img decoding=\"async\" loading=\"lazy\" src=\"https:\/\/mni.samnaz.org\/wp-content\/uploads\/2021\/01\/Screen-Shot-2021-01-04-at-13.26.51.png\" alt=\"\" class=\"wp-image-31245\" width=\"102\" height=\"172\" srcset=\"https:\/\/mni.samnaz.org\/wp-content\/uploads\/2021\/01\/Screen-Shot-2021-01-04-at-13.26.51.png 198w, https:\/\/mni.samnaz.org\/wp-content\/uploads\/2021\/01\/Screen-Shot-2021-01-04-at-13.26.51-178x300.png 178w\" sizes=\"(max-width: 102px) 100vw, 102px\" \/><\/figure><\/div>\n\n\n\n<p>(Continuaci\u00f3n&#8230;)<\/p>\n\n\n\n<p>EL MISIONERO NAZARENO<br>Un disc\u00edpulo semejante a Cristo, apartado por el Esp\u00edritu Santo, apartado por el Esp\u00edritu Santo, enviado en oraci\u00f3n por la iglesia y afirmado por Misiones Nazarenas para cruzar las barreras culturales con el prop\u00f3sito de difundir la santidad b\u00edblica. <\/p>\n\n\n\n<p><strong>DISC\u00cdPULOS SEMEJANTES A CRISTO<\/strong><br>Son enteramente santificados por su Esp\u00edritu, apartados para hacer su trabajo. Son llamados a ir al mundo y difundir el Evangelio transformador.<\/p>\n\n\n\n<div class=\"wp-block-image\"><figure class=\"alignleft size-large is-resized\"><img decoding=\"async\" loading=\"lazy\" src=\"https:\/\/mni.samnaz.org\/wp-content\/uploads\/2021\/01\/Screen-Shot-2021-01-04-at-13.27.03.png\" alt=\"\" class=\"wp-image-31246\" width=\"124\" height=\"205\" srcset=\"https:\/\/mni.samnaz.org\/wp-content\/uploads\/2021\/01\/Screen-Shot-2021-01-04-at-13.27.03.png 206w, https:\/\/mni.samnaz.org\/wp-content\/uploads\/2021\/01\/Screen-Shot-2021-01-04-at-13.27.03-182x300.png 182w\" sizes=\"(max-width: 124px) 100vw, 124px\" \/><\/figure><\/div>\n\n\n\n<p><strong>DIFUNDIR LA SANTIDAD B\u00cdBLICA<\/strong><br>En tanto el Esp\u00edritu Santo prepara el camino para la santidad transformadora, Misiones Nazarenas env\u00eda a sus misioneros en asociaci\u00f3n con las comunidades locales para unirse al movimiento de Dios de restauraci\u00f3n y paz en los corazones y en las vidas.<\/p>\n\n\n\n<p><strong>ENVIADOS EN ORACI\u00d3N POR LA IGLESIA<br><\/strong>La Iglesia est\u00e1 llamada a enviar misioneros a donde m\u00e1s se los necesite.  Es a trav\u00e9s de la oraci\u00f3n y la conexi\u00f3n con la misi\u00f3n de Dios que preparamos y enviamos a aquellos que son llamados a participar en el movimiento del Esp\u00edritu Santo alrededor del mundo.<\/p>\n\n\n\n<p>TIPOS DE MISIONERO NAZARENO:<\/p>\n\n\n\n<div class=\"wp-block-image\"><figure class=\"alignright size-large is-resized\"><img decoding=\"async\" loading=\"lazy\" src=\"https:\/\/mni.samnaz.org\/wp-content\/uploads\/2021\/01\/Screen-Shot-2021-01-04-at-13.23.39-edited.png\" alt=\"\" class=\"wp-image-31248\" width=\"218\" height=\"197\" srcset=\"https:\/\/mni.samnaz.org\/wp-content\/uploads\/2021\/01\/Screen-Shot-2021-01-04-at-13.23.39-edited.png 327w, https:\/\/mni.samnaz.org\/wp-content\/uploads\/2021\/01\/Screen-Shot-2021-01-04-at-13.23.39-edited-300x272.png 300w\" sizes=\"(max-width: 218px) 100vw, 218px\" \/><\/figure><\/div>\n\n\n\n<ol><li><strong>El misionero patrocinado <\/strong>es financiado principalmente por su comunidad local; y es llamado a servir para una necesidad espec\u00edfica en el campo misionero. Afirmado por la iglesia local, el distrito y la Iglesia del Nazareno, \u00e9l o ella servir\u00e1 un m\u00e1ximo de cuatro a\u00f1os en el campo misionero sin necesidad de experiencia previa en el ministerio.<\/li><\/ol>\n\n\n\n<p><strong>\u2022 Financiado principalmente por una Iglesia del Nazareno local (Que cumple con sus metas para el fondo de evangelizaci\u00f3n mundial)<\/strong><br><strong> \u2022 Sirve un m\u00e1ximo de cuatro a\u00f1os (en periodos de dos a\u00f1os)<br>\u2022 Sin experiencia previa en el ministerio<br>\u2022 Capaz de participar en un \u00e1rea del ministerio<\/strong><\/p>\n\n\n\n<div class=\"wp-block-image\"><figure class=\"alignleft size-large is-resized\"><img decoding=\"async\" loading=\"lazy\" src=\"https:\/\/mni.samnaz.org\/wp-content\/uploads\/2021\/01\/Screen-Shot-2021-01-04-at-13.23.50-edited.png\" alt=\"\" class=\"wp-image-31250\" width=\"242\" height=\"193\" srcset=\"https:\/\/mni.samnaz.org\/wp-content\/uploads\/2021\/01\/Screen-Shot-2021-01-04-at-13.23.50-edited.png 345w, https:\/\/mni.samnaz.org\/wp-content\/uploads\/2021\/01\/Screen-Shot-2021-01-04-at-13.23.50-edited-300x241.png 300w\" sizes=\"(max-width: 242px) 100vw, 242px\" \/><\/figure><\/div>\n\n\n\n<p>2. <strong>El misionero global <\/strong>es financiado principalmente por los esfuerzos globales de las aportaciones monetarias a la Evangelizaci\u00f3n Mundial; y es llamado a servir en una carrera de tiempo completo en el campo misionero. Afirmado por la Iglesia del Nazareno, \u00e9l o ella tiene experiencia previa en el ministerio y servir\u00e1 en una asignaci\u00f3n global dondequiera que se le necesite en el mundo.<\/p>\n\n\n\n<p><strong>\u2022 Financiado principalmente por las contribuciones a la Evangelizaci\u00f3n Mundial<\/strong><br><strong>\u2022 Sirve de dos a\u00f1os hasta una carrera completa<br>\u2022 Experiencia previa en el ministerio o servicio especializado <\/strong><br><strong>\u2022 Asignado por la iglesia donde se le necesite<\/strong><\/p>\n\n\n\n<p><\/p>\n\n\n\n<p>(Continuar\u00e1&#8230;)<\/p>\n\n\n\n<p>Tomado de \u201cMisiones, un movimiento de Dios por medio del pueblo de Dios\u201d<br>https:\/\/nazarene.org\/missions<br>Puede descargar la gu\u00eda completa en\u00a0<a rel=\"noreferrer noopener\" href=\"https:\/\/nazarene.org\/system\/files\/resources\/2019-08\/sp_nm_booklet_2.pdf\" target=\"_blank\">espa\u00f1ol<\/a>\u00a0y\u00a0<a rel=\"noreferrer noopener\" href=\"https:\/\/nazarene.org\/system\/files\/resources\/2019-08\/por_nm_booklet_3-22.pdf\" target=\"_blank\">portugu\u00e9s<\/a><\/p>\n\n\n\n<p><\/p>","protected":false},"excerpt":{"rendered":"<p>(Continuaci\u00f3n&#8230;) EL MISIONERO NAZARENOUn disc\u00edpulo semejante a Cristo, apartado por el Esp\u00edritu Santo, apartado por el Esp\u00edritu Santo, enviado en oraci\u00f3n por la iglesia y afirmado por Misiones Nazarenas para cruzar las barreras culturales con el prop\u00f3sito de difundir la santidad b\u00edblica. DISC\u00cdPULOS SEMEJANTES A CRISTOSon enteramente santificados por su Esp\u00edritu, apartados para hacer su [&hellip;]<\/p>","protected":false},"author":1,"featured_media":31141,"comment_status":"open","ping_status":"open","sticky":false,"template":"","format":"standard","meta":{"_et_pb_use_builder":"off","_et_pb_old_content":"","_et_gb_content_width":"","footnotes":""},"categories":[27,14,23,12,34],"tags":[],"_links":{"self":[{"href":"https:\/\/mni.samnaz.org\/pt\/wp-json\/wp\/v2\/posts\/31244"}],"collection":[{"href":"https:\/\/mni.samnaz.org\/pt\/wp-json\/wp\/v2\/posts"}],"about":[{"href":"https:\/\/mni.samnaz.org\/pt\/wp-json\/wp\/v2\/types\/post"}],"author":[{"embeddable":true,"href":"https:\/\/mni.samnaz.org\/pt\/wp-json\/wp\/v2\/users\/1"}],"replies":[{"embeddable":true,"href":"https:\/\/mni.samnaz.org\/pt\/wp-json\/wp\/v2\/comments?post=31244"}],"version-history":[{"count":1,"href":"https:\/\/mni.samnaz.org\/pt\/wp-json\/wp\/v2\/posts\/31244\/revisions"}],"predecessor-version":[{"id":31251,"href":"https:\/\/mni.samnaz.org\/pt\/wp-json\/wp\/v2\/posts\/31244\/revisions\/31251"}],"wp:featuredmedia":[{"embeddable":true,"href":"https:\/\/mni.samnaz.org\/pt\/wp-json\/wp\/v2\/media\/31141"}],"wp:attachment":[{"href":"https:\/\/mni.samnaz.org\/pt\/wp-json\/wp\/v2\/media?parent=31244"}],"wp:term":[{"taxonomy":"category","embeddable":true,"href":"https:\/\/mni.samnaz.org\/pt\/wp-json\/wp\/v2\/categories?post=31244"},{"taxonomy":"post_tag","embeddable":true,"href":"https:\/\/mni.samnaz.org\/pt\/wp-json\/wp\/v2\/tags?post=31244"}],"curies":[{"name":"wp","href":"https:\/\/api.w.org\/{rel}","templated":true}]}}